{"id":450,"date":"2022-11-29T19:45:17","date_gmt":"2022-11-29T18:45:17","guid":{"rendered":"https:\/\/lesdesjantes.fr\/?p=450"},"modified":"2024-06-16T17:34:02","modified_gmt":"2024-06-16T15:34:02","slug":"bleus-communique-2022","status":"publish","type":"post","link":"https:\/\/lesdesjantes.fr\/index.php\/2022\/11\/29\/bleus-communique-2022\/","title":{"rendered":"Bleus &#8211; communiqu\u00e9"},"content":{"rendered":"<p>[et_pb_section fb_built=\u00a0\u00bb1&Prime; admin_label=\u00a0\u00bbProduct\u00a0\u00bb _builder_version=\u00a0\u00bb4.18.0&Prime; _module_preset=\u00a0\u00bbdefault\u00a0\u00bb background_image=\u00a0\u00bbhttp:\/\/192.168.1.85\/lesdesjantes2\/wp-content\/uploads\/2022\/11\/toy-store-37.png\u00a0\u00bb background_position=\u00a0\u00bbtop_center\u00a0\u00bb overflow-x=\u00a0\u00bbhidden\u00a0\u00bb overflow-y=\u00a0\u00bbhidden\u00a0\u00bb custom_padding=\u00a0\u00bb3px||3px|||\u00a0\u00bb collapsed=\u00a0\u00bbon\u00a0\u00bb global_colors_info=\u00a0\u00bb{}\u00a0\u00bb][et_pb_row _builder_version=\u00a0\u00bb4.17.4&Prime; _module_preset=\u00a0\u00bbdefault\u00a0\u00bb global_colors_info=\u00a0\u00bb{}\u00a0\u00bb][et_pb_column type=\u00a0\u00bb4_4&Prime; _builder_version=\u00a0\u00bb4.17.4&Prime; _module_preset=\u00a0\u00bbdefault\u00a0\u00bb global_colors_info=\u00a0\u00bb{}\u00a0\u00bb][et_pb_image src=\u00a0\u00bbhttps:\/\/lesdesjantes.fr\/wp-content\/uploads\/2022\/11\/automobile-g7a399f2cd_640.jpg\u00a0\u00bb title_text=\u00a0\u00bbautomobile-g7a399f2cd_640&Prime; align=\u00a0\u00bbcenter\u00a0\u00bb _builder_version=\u00a0\u00bb4.19.1&Prime; _module_preset=\u00a0\u00bbdefault\u00a0\u00bb global_colors_info=\u00a0\u00bb{}\u00a0\u00bb][\/et_pb_image][et_pb_text _builder_version=\u00a0\u00bb4.25.1&Prime; _module_preset=\u00a0\u00bb1f09816e-184e-4ce5-a4cf-b39c52c423ca\u00a0\u00bb text_font=\u00a0\u00bbJost||||||||\u00a0\u00bb text_text_color=\u00a0\u00bbrgba(0,0,0,0.58)\u00a0\u00bb text_font_size=\u00a0\u00bb20px\u00a0\u00bb text_line_height=\u00a0\u00bb1.6em\u00a0\u00bb text_orientation=\u00a0\u00bbcenter\u00a0\u00bb custom_padding=\u00a0\u00bb1px|||||\u00a0\u00bb hover_enabled=\u00a0\u00bb0&Prime; text_font_size_tablet=\u00a0\u00bb15px\u00a0\u00bb text_font_size_phone=\u00a0\u00bb14px\u00a0\u00bb text_font_size_last_edited=\u00a0\u00bbon|phone\u00a0\u00bb header_font_size_tablet=\u00a0\u00bb55px\u00a0\u00bb header_font_size_last_edited=\u00a0\u00bboff|desktop\u00a0\u00bb global_colors_info=\u00a0\u00bb{}\u00a0\u00bb sticky_enabled=\u00a0\u00bb0&Prime;]<img loading=\"lazy\" decoding=\"async\" src=\"https:\/\/lesdesjantes.fr\/wp-content\/uploads\/2024\/06\/IMG20240614103555-300x171.jpg\" width=\"300\" height=\"171\" alt=\"\" class=\"wp-image-1190 size-medium\" \/><\/p>\n<p>L\u2019Oc\u00e9ane Team est pr\u00eate !<\/p>\n<p>Sans pression ni crainte, Mamy Blue\/Fl\u00e8che Bleue sur une R8 plus Gordini que jamais, MacR\u00e9\/Bleudechauffe sur leur Golf Gtiiiiiiiiiiiii, Blueberry\/Bluetooth sur une Alpine au sommet de sa forme et Bleudechauffe\/Bluedjinn sur une Dauphine reine des pistes prendront le d\u00e9part pr\u00e9par\u00e9s comme jamais. Que nos adversaires le sachent, aucune d\u00e9faillance n\u2019est \u00e0 attendre de la part des Bleus : en effet la pr\u00e9paration a \u00e9t\u00e9 ax\u00e9e cette ann\u00e9e sur une \u00e9tude approfondie du jet de d\u00e9 compl\u00e9t\u00e9e d&rsquo;une grosse charge de travail essentiellement bas\u00e9e sur des exercices r\u00e9p\u00e9t\u00e9s du lever du coude au cours de stages intensifs. S\u00fbrs de leur force, les pilotes de l\u2019Oc\u00e9ane Team tiendront sans faillir les presque 10 heures de l\u2019Ile de R\u00e9 sur et en dehors de la piste !<\/p>\n<p>[\/et_pb_text][\/et_pb_column][\/et_pb_row][et_pb_row column_structure=\u00a0\u00bb1_2,1_2&Prime; _builder_version=\u00a0\u00bb4.19.1&Prime; _module_preset=\u00a0\u00bbdefault\u00a0\u00bb global_colors_info=\u00a0\u00bb{}\u00a0\u00bb][et_pb_column type=\u00a0\u00bb1_2&Prime; _builder_version=\u00a0\u00bb4.18.0&Prime; _module_preset=\u00a0\u00bbdefault\u00a0\u00bb global_colors_info=\u00a0\u00bb{}\u00a0\u00bb][et_pb_image src=\u00a0\u00bbhttps:\/\/lesdesjantes.fr\/wp-content\/uploads\/2022\/11\/24231795_1747326758611962_5284188739391038825_n-Copier.jpg\u00a0\u00bb title_text=\u00a0\u00bb24231795_1747326758611962_5284188739391038825_n (Copier)\u00a0\u00bb _builder_version=\u00a0\u00bb4.19.1&Prime; _module_preset=\u00a0\u00bbdefault\u00a0\u00bb locked=\u00a0\u00bboff\u00a0\u00bb global_colors_info=\u00a0\u00bb{}\u00a0\u00bb][\/et_pb_image][\/et_pb_column][et_pb_column type=\u00a0\u00bb1_2&Prime; _builder_version=\u00a0\u00bb4.19.1&Prime; _module_preset=\u00a0\u00bbdefault\u00a0\u00bb global_colors_info=\u00a0\u00bb{}\u00a0\u00bb][et_pb_image src=\u00a0\u00bbhttps:\/\/lesdesjantes.fr\/wp-content\/uploads\/2022\/11\/24210135_1747324355278869_8348623770929147694_o-Copier.jpg\u00a0\u00bb title_text=\u00a0\u00bb24210135_1747324355278869_8348623770929147694_o (Copier)\u00a0\u00bb _builder_version=\u00a0\u00bb4.19.1&Prime; _module_preset=\u00a0\u00bbdefault\u00a0\u00bb global_colors_info=\u00a0\u00bb{}\u00a0\u00bb][\/et_pb_image][et_pb_image src=\u00a0\u00bbhttps:\/\/lesdesjantes.fr\/wp-content\/uploads\/2022\/11\/24210423_1747326211945350_8806837752030625855_o-Copier.jpg\u00a0\u00bb title_text=\u00a0\u00bb24210423_1747326211945350_8806837752030625855_o (Copier)\u00a0\u00bb _builder_version=\u00a0\u00bb4.19.1&Prime; _module_preset=\u00a0\u00bbdefault\u00a0\u00bb locked=\u00a0\u00bboff\u00a0\u00bb global_colors_info=\u00a0\u00bb{}\u00a0\u00bb][\/et_pb_image][\/et_pb_column][\/et_pb_row][et_pb_row _builder_version=\u00a0\u00bb4.18.0&Prime; _module_preset=\u00a0\u00bbdefault\u00a0\u00bb global_colors_info=\u00a0\u00bb{}\u00a0\u00bb][et_pb_column type=\u00a0\u00bb4_4&Prime; _builder_version=\u00a0\u00bb4.18.0&Prime; _module_preset=\u00a0\u00bbdefault\u00a0\u00bb global_colors_info=\u00a0\u00bb{}\u00a0\u00bb][\/et_pb_column][\/et_pb_row][\/et_pb_section]<\/p>\n","protected":false},"excerpt":{"rendered":"<p>L\u2019Oc\u00e9ane Team est pr\u00eate ! Sans pression ni crainte, Mamy Blue\/Fl\u00e8che Bleue sur une R8 plus Gordini que jamais, MacR\u00e9\/Bleudechauffe sur leur Golf Gtiiiiiiiiiiiii, Blueberry\/Bluetooth sur une Alpine au sommet de sa forme et Bleudechauffe\/Bluedjinn sur une Dauphine reine des pistes prendront le d\u00e9part pr\u00e9par\u00e9s comme jamais. Que nos adversaires le sachent, aucune d\u00e9faillance n\u2019est [&hellip;]<\/p>\n","protected":false},"author":2,"featured_media":0,"comment_status":"open","ping_status":"open","sticky":false,"template":"","format":"standard","meta":{"_et_pb_use_builder":"on","_et_pb_old_content":"","_et_gb_content_width":"","footnotes":""},"categories":[6],"tags":[],"class_list":["post-450","post","type-post","status-publish","format-standard","hentry","category-bleus"],"_links":{"self":[{"href":"https:\/\/lesdesjantes.fr\/index.php\/wp-json\/wp\/v2\/posts\/450","targetHints":{"allow":["GET"]}}],"collection":[{"href":"https:\/\/lesdesjantes.fr\/index.php\/wp-json\/wp\/v2\/posts"}],"about":[{"href":"https:\/\/lesdesjantes.fr\/index.php\/wp-json\/wp\/v2\/types\/post"}],"author":[{"embeddable":true,"href":"https:\/\/lesdesjantes.fr\/index.php\/wp-json\/wp\/v2\/users\/2"}],"replies":[{"embeddable":true,"href":"https:\/\/lesdesjantes.fr\/index.php\/wp-json\/wp\/v2\/comments?post=450"}],"version-history":[{"count":9,"href":"https:\/\/lesdesjantes.fr\/index.php\/wp-json\/wp\/v2\/posts\/450\/revisions"}],"predecessor-version":[{"id":1192,"href":"https:\/\/lesdesjantes.fr\/index.php\/wp-json\/wp\/v2\/posts\/450\/revisions\/1192"}],"wp:attachment":[{"href":"https:\/\/lesdesjantes.fr\/index.php\/wp-json\/wp\/v2\/media?parent=450"}],"wp:term":[{"taxonomy":"category","embeddable":true,"href":"https:\/\/lesdesjantes.fr\/index.php\/wp-json\/wp\/v2\/categories?post=450"},{"taxonomy":"post_tag","embeddable":true,"href":"https:\/\/lesdesjantes.fr\/index.php\/wp-json\/wp\/v2\/tags?post=450"}],"curies":[{"name":"wp","href":"https:\/\/api.w.org\/{rel}","templated":true}]}}